{"id":13114,"date":"2024-07-08T12:14:17","date_gmt":"2024-07-08T10:14:17","guid":{"rendered":"https:\/\/visitmarratxi.es\/?p=13114"},"modified":"2024-07-08T13:29:31","modified_gmt":"2024-07-08T11:29:31","slug":"sieben-olleries-in-marratxi-erhalten-die-auszeichnung-emblematics-balears","status":"publish","type":"post","link":"https:\/\/visitmarratxi.es\/de\/sieben-olleries-in-marratxi-erhalten-die-auszeichnung-emblematics-balears\/","title":{"rendered":"Sieben \u201eolleries\u201c in Marratx\u00ed erhalten die Auszeichnung Emblem\u00e0tics Balears"},"content":{"rendered":"<p><em><b>Alejandro S\u00e1enz de San Pedro: &#8222;Es ist entscheidend, die t\u00e4gliche Arbeit dieser kleinen Unternehmen und Handwerker mit dieser Art von Auszeichnungen zu w\u00fcrdigen&#8220;<\/b><\/em><\/p>\n<p><em><b>Jaume Llompart: &#8222;Die Siurells und die T\u00f6pfe sind ein Verbindungspunkt und erm\u00f6glichen es, einen starken Stolz auf die Zugeh\u00f6rigkeit zu dieser Erde zu entwickeln&#8220;<\/b><\/em><\/p>\n<p><span style=\"font-weight: 400;\">Heute Morgen haben die Zentren von P\u00f2rtol und Sa Cabaneta den Besuch des Ministers f\u00fcr Unternehmen, Besch\u00e4ftigung und Energie der Balearenregierung, Alejandro S\u00e1enz de San Pedro, erhalten, der pers\u00f6nlich die Emblem\u00e0tics Balears Plaketten an sieben T\u00f6pfereien \u00fcberreicht hat, um ihre wirtschaftliche, historische und kulturelle Bedeutung anzuerkennen.<\/span><\/p>\n<p><span style=\"font-weight: 400;\">Der Minister unternahm einen Rundgang durch die Stra\u00dfen von Marratx\u00ed und besuchte die sieben ausgezeichneten Betriebe. Begleitet wurde er dabei vom B\u00fcrgermeister von Marratx\u00ed, Jaume Llompart, der Gesch\u00e4ftsf\u00fchrerin von ADR Balears, Silvia Delgado, und der Stadtr\u00e4tin f\u00fcr Wirtschaftsf\u00f6rderung, Handel, Industrie und Tourismus der Gemeinde, Odette Torres.<\/span><\/p>\n<p><span style=\"font-weight: 400;\">Der Tag begann um 10:00 Uhr auf der Plaza de Can Flor in P\u00f2rtol. Von dort aus umfasste die Route Stopps bei den traditionellen T\u00f6pfereien Terra Cuita, Sa Roca Llisa 26, Can Bernad\u00ed, Cas Canonge, Can Vent, Mad\u00f3 Bet des Siurells und Can Bernad\u00ed Nou. Alle erhielten die Auszeichnung Emblem\u00e0tics Balears und ihre Verantwortlichen hatten die Gelegenheit, sich mit den Beh\u00f6rden auszutauschen.<\/span><\/p>\n<p><span style=\"font-weight: 400;\">Jaume Llompart betonte die Bedeutung dieser Anerkennung: \u201eDie T\u00f6pfereien sind ein Verbindungspunkt in einer sehr verstreuten Gemeinde. Wir sehen das Tonland als eine M\u00f6glichkeit, uns nach au\u00dfen bekannt zu machen, aber die Siurells und die T\u00f6pfe sind ein Verbindungspunkt und erm\u00f6glichen es, einen starken Stolz auf die Zugeh\u00f6rigkeit zu dieser Erde zu entwickeln. Ich glaube, es ist wichtig, ihnen Wertsch\u00e4tzung entgegenzubringen, ihren Respekt zu verdienen und die Arbeit so vieler Generationen von T\u00f6pfereien und Siurell-Herstellern anzuerkennen.\u201c<\/span><\/p>\n<p><span style=\"font-weight: 400;\">Minister Alejandro S\u00e1enz de San Pedro hob die Bedeutung des Projekts Emblem\u00e0tics Balears f\u00fcr traditionelle kleine Unternehmen hervor: \u201eWir sprechen von Handel, von KMU und Kleinstunternehmen, von selbst\u00e4ndigen Menschen, die jeden Morgen aufstehen, um sich einem zunehmend wettbewerbsintensiven Markt zu stellen. Es ist entscheidend, die t\u00e4gliche Arbeit dieser kleinen Unternehmen und Handwerker mit dieser Art von Auszeichnungen zu w\u00fcrdigen.\u201c<\/span><\/p>\n<p><span style=\"font-weight: 400;\">Die lokalen T\u00f6pfer dr\u00fcckten ihre Dankbarkeit und ihren Stolz \u00fcber den Besuch und die institutionelle Anerkennung aus. Elionor Amengual von der T\u00f6pferei Can Bernad\u00ed kommentierte: \u201eIch bin sehr stolz. Ich wei\u00df, dass mein Vater auch sehr gl\u00fccklich w\u00e4re und ich bin ger\u00fchrt, weil dies das erste Mal ist, dass ich eine solche Auszeichnung erhalte, obwohl ich ein so altes Unternehmen habe. Es ist ein Erfolg, dieses uralte Handwerk heute noch zu erhalten.\u201c<\/span><\/p>\n<p><span style=\"font-weight: 400;\">Antoni Mesquida von Can Vent f\u00fcgte hinzu: \u201eDiese T\u00f6pferei ist eine der \u00e4ltesten, man sagt, sie existiere seit 1700, und es ist ein Stolz, dass die Institutionen an uns denken. Solange sie anerkennen, dass man eine gut gemachte und handwerkliche Arbeit leistet, weiter so.\u201c<\/span><\/p>\n<p><span style=\"font-weight: 400;\">Pep Serra von der T\u00f6pferei Terra Cuita wies darauf hin: \u201eEs wurde immer \u00fcber das Tonland gesprochen, von den Gro\u00dfeltern, die die T\u00f6pfereien bereits aufgebaut haben. Diese Auszeichnungen helfen uns, uns gegen\u00fcber den gro\u00dfen Handelsketten hervorzuheben.\u201c<\/span><\/p>\n<p><span style=\"font-weight: 400;\">Marratx\u00ed war eine der ersten Gemeinden, die sich Emblem\u00e0tics Balears anschlossen, aber bis jetzt wurden die Plaketten nicht an die T\u00f6pfereien \u00fcbergeben. Keramik ist eines der wichtigsten handwerklichen Produkte von Marratx\u00ed aufgrund seiner Tradition und Qualit\u00e4t, ein Erbe, das bis ins sp\u00e4te 17. Jahrhundert zur\u00fcckreicht. Mit dem wei\u00dfen Ton, der aus dem Pou del Coll gewonnen wurde, und dem roten Ton, aus den Coves de Can Guidet, wurden alle Utensilien zum Kochen und Aufbewahren von Lebensmitteln hergestellt. Heute halten diese T\u00f6pfereien diese uralte Tradition lebendig, indem sie einzigartige St\u00fccke produzieren, die traditionelle Techniken mit modernen Designs kombinieren.<\/span><\/p>\n<p><span style=\"font-weight: 400;\">Neben den T\u00f6pfereien hat Marratx\u00ed weitere Gesch\u00e4fte, die als Emblem\u00e0tics Balears katalogisiert sind und in den kommenden Wochen ihre Auszeichnung erhalten werden. Dazu geh\u00f6ren Authex: Flor d\u2019Ametler \u2013 Tot Herba (Naturhygiene und Kosmetik), Bodegas Suau (Weinkeller und Lik\u00f6rherstellung), Can Pinet Confecciones (Kleidung und Accessoires), Can Xic (Eisenwarenhandlung) und Forn des Pla de na Tesa (B\u00e4ckerei und Konditorei).<\/span><\/p>\n<p><span style=\"font-weight: 400;\">Emblem\u00e0tics Balears ist ein Projekt, das 2019 ins Leben gerufen wurde, um traditionelle, geschichtstr\u00e4chtige und in den Gemeinden verwurzelte Gesch\u00e4fte zu erkennen, zu sch\u00fctzen und zu f\u00f6rdern. Gef\u00f6rdert vom Ministerium f\u00fcr Unternehmen, Besch\u00e4ftigung und Energie \u00fcber die Generaldirektion f\u00fcr Selbst\u00e4ndige, Unternehmen und Handel und ADR Balears zielt das Projekt darauf ab, das lokale Handelsgef\u00fcge sichtbar zu machen, kleine und mittlere Unternehmen zu unterst\u00fctzen und zur Diversifizierung der Wirtschaft beizutragen. Das Projekt verf\u00fcgt \u00fcber eine Website,<\/span><a href=\"http:\/\/www.emblematicsbalears.es\"> <span style=\"font-weight: 400;\">www.emblematicsbalears.es<\/span><\/a><span style=\"font-weight: 400;\">, auf der alle Geschichten und Informationen zu den 346 am Projekt beteiligten Betrieben in 30 Gemeinden der Balearen nachgelesen werden k\u00f6nnen.<\/span><\/p>\n<p><span style=\"font-weight: 400;\">Die \u00dcbergabe der Emblem\u00e0tics Balears Plaketten an die T\u00f6pfereien von Marratx\u00ed erkennt nicht nur deren historischen und kulturellen Wert an, sondern bekr\u00e4ftigt auch das Engagement der Gemeinde und der Balearenregierung f\u00fcr den Erhalt des handwerklichen Erbes. Dieser Tag markierte einen wichtigen Meilenstein bei der F\u00f6rderung lokaler Produkte und der Unterst\u00fctzung des lokalen Handels in Marratx\u00ed.<\/span><\/p>\n","protected":false},"excerpt":{"rendered":"<p>Alejandro S\u00e1enz de San Pedro: &#8222;Es ist entscheidend, die t\u00e4gliche Arbeit dieser kleinen Unternehmen und Handwerker mit dieser Art von Auszeichnungen zu w\u00fcrdigen&#8220; Jaume Llompart: &#8222;Die Siurells und die T\u00f6pfe sind ein Verbindungspunkt und erm\u00f6glichen es, einen starken Stolz auf&#8230;<\/p>\n","protected":false},"author":6,"featured_media":13051,"comment_status":"open","ping_status":"open","sticky":false,"template":"","format":"standard","meta":{"footnotes":""},"categories":[493,486,506],"tags":[],"class_list":["post-13114","post","type-post","status-publish","format-standard","has-post-thumbnail","hentry","category-keramik","category-kultur-de","category-veranstaltungen"],"_links":{"self":[{"href":"https:\/\/visitmarratxi.es\/de\/wp-json\/wp\/v2\/posts\/13114","targetHints":{"allow":["GET"]}}],"collection":[{"href":"https:\/\/visitmarratxi.es\/de\/wp-json\/wp\/v2\/posts"}],"about":[{"href":"https:\/\/visitmarratxi.es\/de\/wp-json\/wp\/v2\/types\/post"}],"author":[{"embeddable":true,"href":"https:\/\/visitmarratxi.es\/de\/wp-json\/wp\/v2\/users\/6"}],"replies":[{"embeddable":true,"href":"https:\/\/visitmarratxi.es\/de\/wp-json\/wp\/v2\/comments?post=13114"}],"version-history":[{"count":1,"href":"https:\/\/visitmarratxi.es\/de\/wp-json\/wp\/v2\/posts\/13114\/revisions"}],"predecessor-version":[{"id":13115,"href":"https:\/\/visitmarratxi.es\/de\/wp-json\/wp\/v2\/posts\/13114\/revisions\/13115"}],"wp:featuredmedia":[{"embeddable":true,"href":"https:\/\/visitmarratxi.es\/de\/wp-json\/wp\/v2\/media\/13051"}],"wp:attachment":[{"href":"https:\/\/visitmarratxi.es\/de\/wp-json\/wp\/v2\/media?parent=13114"}],"wp:term":[{"taxonomy":"category","embeddable":true,"href":"https:\/\/visitmarratxi.es\/de\/wp-json\/wp\/v2\/categories?post=13114"},{"taxonomy":"post_tag","embeddable":true,"href":"https:\/\/visitmarratxi.es\/de\/wp-json\/wp\/v2\/tags?post=13114"}],"curies":[{"name":"wp","href":"https:\/\/api.w.org\/{rel}","templated":true}]}}