{"id":13165,"date":"2024-07-15T12:20:53","date_gmt":"2024-07-15T10:20:53","guid":{"rendered":"https:\/\/visitmarratxi.es\/?p=13165"},"modified":"2024-07-15T12:36:45","modified_gmt":"2024-07-15T10:36:45","slug":"fang-tapa-wiederholt-seinen-erfolg-mit-weiteren-teilnehmenden-restaurants","status":"publish","type":"post","link":"https:\/\/visitmarratxi.es\/de\/fang-tapa-wiederholt-seinen-erfolg-mit-weiteren-teilnehmenden-restaurants\/","title":{"rendered":"Fang Tapa wiederholt seinen Erfolg mit weiteren teilnehmenden Restaurants"},"content":{"rendered":"<p><em><strong>10 Betriebe haben an der Tapas-Zug-Route teilgenommen, mit zwei Neuzug\u00e4ngen im Vergleich zum Vorjahr<\/strong><\/em><\/p>\n<p><em><strong>Odette Torres: \u201eMit dieser Ausgabe machen wir das Benutzererlebnis noch besser, da mehr Bars und Tapas verf\u00fcgbar sind.\u201c<\/strong><\/em><\/p>\n<p>Das Fang Tapa wird erneut als Familientag im Sommer etabliert, um die Gastronomie von Marratx\u00ed zu genie\u00dfen. Insgesamt haben zehn Betriebe aus P\u00f2rtol, Sa Cabaneta und Sant Mar\u00e7al an dieser Ausgabe teilgenommen und am Donnerstag, dem 4. und 11., speziell f\u00fcr diesen Anlass zubereitete Tapas angeboten zu Fu\u00df innerhalb desselben Kerns.<\/p>\n<p>Zu den Neuzug\u00e4ngen z\u00e4hlen zwei neu gegr\u00fcndete Lokale, Engrescats und Cafeter\u00eda Sant Mar\u00e7al (ehemals Forn Ca na Teresa), beide in Sant Mar\u00e7al, die nicht gez\u00f6gert haben, sich in die Liste der Zughaltestellen einzutragen und f\u00fcr diesen Anlass Tapas zuzubereiten.<\/p>\n<p>Der Stadtrat f\u00fcr Wirtschaftsf\u00f6rderung; Odette Torres, Kommerz, Industrie und Tourismus, hat versichert, dass aufgrund des Erfolgs des letzten Jahres, in dem an zwei Tagen im August mehr als 8.000 Tapas serviert wurden, in dieser neuesten Ausgabe weitere Orte hinzugekommen sind, \u201emit denen wir es geschafft haben.\u201c Das Benutzererlebnis ist sogar noch besser, denn wenn Sie an den Haltestellen ankommen, finden Sie mehr Bars mit Tapas, Sie k\u00f6nnen w\u00e4hlen und sind viel komfortabler. Dieses Jahr hat sich das Erlebnis verbessert und es gibt mehr Teilnehmer\u201c, sagt er.<\/p>\n<p><img decoding=\"async\" src=\"https:\/\/www.mtxi.es\/wp-content\/uploads\/2024\/07\/DSC09505-1024x576.jpg\" \/><\/p>\n<p>Die von Comer\u00e7 organisierte Veranstaltung ist eine M\u00f6glichkeit, die Gastronomie und Einrichtungen von Marratx\u00ed zu verschiedenen Jahreszeiten bekannt zu machen. Mit den Worten des Stadtrats: \u201eEs beg\u00fcnstigt die lokale Wirtschaft, weil die Einheimischen Geld verdienen, was wir wollen, und sie gl\u00fccklich sind.\u201c<\/p>\n<p>Der Zug mit einer Kapazit\u00e4t von bis zu 50 Personen hat Fahrten zwischen 35 und 45 Minuten zur\u00fcckgelegt und war bei allen Fahrten voll ausgelastet. Die Route begann in Sant Mar\u00e7al und machte Halt an den acht Einrichtungen, bis sie P\u00f2rtol erreichte.<\/p>\n<p>Zus\u00e4tzlich zur gastronomischen Route hat sich diese Ausgabe f\u00fcr die Installation von H\u00fcpfburgen am Ausgang, der Ver\u00f3nica de Sant Mar\u00e7al, entschieden. Dort genossen Hunderte von Familien die kostenlosen Aktivit\u00e4ten, w\u00e4hrend sie darauf warteten, dass sie mit dem Zug an die Reihe kamen.<\/p>\n<p>Die Sommerausgabe von Fang Tapa hatte eine ausl\u00e4ndische Pr\u00e4senz und Teilnehmer aus anderen Gegenden von Marratx\u00ed, aber auch aus n\u00e4her gelegenen Gemeinden wie Palma, Santa Eugenia oder Santa Maria.<\/p>\n<p>Der Stadtrat von Marratx\u00ed hat als Veranstalter der Veranstaltung neben den Freizeitaktivit\u00e4ten f\u00fcr die teilnehmenden Familien auch die Kosten f\u00fcr den Zug \u00fcbernommen.<\/p>\n\n\t\t<style type=\"text\/css\">\n\t\t\t#gallery-1 {\n\t\t\t\tmargin: auto;\n\t\t\t}\n\t\t\t#gallery-1 .gallery-item {\n\t\t\t\tfloat: left;\n\t\t\t\tmargin-top: 10px;\n\t\t\t\ttext-align: center;\n\t\t\t\twidth: 33%;\n\t\t\t}\n\t\t\t#gallery-1 img {\n\t\t\t\tborder: 2px solid #cfcfcf;\n\t\t\t}\n\t\t\t#gallery-1 .gallery-caption {\n\t\t\t\tmargin-left: 0;\n\t\t\t}\n\t\t\t\/* see gallery_shortcode() in wp-includes\/media.php *\/\n\t\t<\/style>\n\t\t<div id='gallery-1' class='gallery galleryid-13165 gallery-columns-3 gallery-size-full'><dl class='gallery-item'>\n\t\t\t<dt class='gallery-icon landscape'>\n\t\t\t\t<a href='https:\/\/visitmarratxi.es\/wp-content\/uploads\/2024\/07\/fangtapa3.jpg'><img loading=\"lazy\" decoding=\"async\" width=\"1024\" height=\"576\" src=\"https:\/\/visitmarratxi.es\/wp-content\/uploads\/2024\/07\/fangtapa3.jpg\" class=\"attachment-full size-full\" alt=\"\" srcset=\"https:\/\/visitmarratxi.es\/wp-content\/uploads\/2024\/07\/fangtapa3.jpg 1024w, https:\/\/visitmarratxi.es\/wp-content\/uploads\/2024\/07\/fangtapa3-300x169.jpg 300w, https:\/\/visitmarratxi.es\/wp-content\/uploads\/2024\/07\/fangtapa3-768x432.jpg 768w, https:\/\/visitmarratxi.es\/wp-content\/uploads\/2024\/07\/fangtapa3-600x338.jpg 600w\" sizes=\"auto, (max-width: 1024px) 100vw, 1024px\" \/><\/a>\n\t\t\t<\/dt><\/dl><dl class='gallery-item'>\n\t\t\t<dt class='gallery-icon landscape'>\n\t\t\t\t<a href='https:\/\/visitmarratxi.es\/wp-content\/uploads\/2024\/07\/fangtapa2.jpg'><img loading=\"lazy\" decoding=\"async\" width=\"1024\" height=\"576\" src=\"https:\/\/visitmarratxi.es\/wp-content\/uploads\/2024\/07\/fangtapa2.jpg\" class=\"attachment-full size-full\" alt=\"\" srcset=\"https:\/\/visitmarratxi.es\/wp-content\/uploads\/2024\/07\/fangtapa2.jpg 1024w, https:\/\/visitmarratxi.es\/wp-content\/uploads\/2024\/07\/fangtapa2-300x169.jpg 300w, https:\/\/visitmarratxi.es\/wp-content\/uploads\/2024\/07\/fangtapa2-768x432.jpg 768w, https:\/\/visitmarratxi.es\/wp-content\/uploads\/2024\/07\/fangtapa2-600x338.jpg 600w\" sizes=\"auto, (max-width: 1024px) 100vw, 1024px\" \/><\/a>\n\t\t\t<\/dt><\/dl><dl class='gallery-item'>\n\t\t\t<dt class='gallery-icon landscape'>\n\t\t\t\t<a href='https:\/\/visitmarratxi.es\/wp-content\/uploads\/2024\/07\/fangtapa1.jpg'><img loading=\"lazy\" decoding=\"async\" width=\"1024\" height=\"576\" src=\"https:\/\/visitmarratxi.es\/wp-content\/uploads\/2024\/07\/fangtapa1.jpg\" class=\"attachment-full size-full\" alt=\"\" srcset=\"https:\/\/visitmarratxi.es\/wp-content\/uploads\/2024\/07\/fangtapa1.jpg 1024w, https:\/\/visitmarratxi.es\/wp-content\/uploads\/2024\/07\/fangtapa1-300x169.jpg 300w, https:\/\/visitmarratxi.es\/wp-content\/uploads\/2024\/07\/fangtapa1-768x432.jpg 768w, https:\/\/visitmarratxi.es\/wp-content\/uploads\/2024\/07\/fangtapa1-600x338.jpg 600w\" sizes=\"auto, (max-width: 1024px) 100vw, 1024px\" \/><\/a>\n\t\t\t<\/dt><\/dl><br style=\"clear: both\" \/>\n\t\t<\/div>\n\n","protected":false},"excerpt":{"rendered":"<p>10 Betriebe haben an der Tapas-Zug-Route teilgenommen, mit zwei Neuzug\u00e4ngen im Vergleich zum Vorjahr Odette Torres: \u201eMit dieser Ausgabe machen wir das Benutzererlebnis noch besser, da mehr Bars und Tapas verf\u00fcgbar sind.\u201c Das Fang Tapa wird erneut als Familientag im&#8230;<\/p>\n","protected":false},"author":6,"featured_media":13156,"comment_status":"open","ping_status":"open","sticky":false,"template":"","format":"standard","meta":{"footnotes":""},"categories":[517,506],"tags":[],"class_list":["post-13165","post","type-post","status-publish","format-standard","has-post-thumbnail","hentry","category-gastronomie","category-veranstaltungen"],"_links":{"self":[{"href":"https:\/\/visitmarratxi.es\/de\/wp-json\/wp\/v2\/posts\/13165","targetHints":{"allow":["GET"]}}],"collection":[{"href":"https:\/\/visitmarratxi.es\/de\/wp-json\/wp\/v2\/posts"}],"about":[{"href":"https:\/\/visitmarratxi.es\/de\/wp-json\/wp\/v2\/types\/post"}],"author":[{"embeddable":true,"href":"https:\/\/visitmarratxi.es\/de\/wp-json\/wp\/v2\/users\/6"}],"replies":[{"embeddable":true,"href":"https:\/\/visitmarratxi.es\/de\/wp-json\/wp\/v2\/comments?post=13165"}],"version-history":[{"count":1,"href":"https:\/\/visitmarratxi.es\/de\/wp-json\/wp\/v2\/posts\/13165\/revisions"}],"predecessor-version":[{"id":13166,"href":"https:\/\/visitmarratxi.es\/de\/wp-json\/wp\/v2\/posts\/13165\/revisions\/13166"}],"wp:featuredmedia":[{"embeddable":true,"href":"https:\/\/visitmarratxi.es\/de\/wp-json\/wp\/v2\/media\/13156"}],"wp:attachment":[{"href":"https:\/\/visitmarratxi.es\/de\/wp-json\/wp\/v2\/media?parent=13165"}],"wp:term":[{"taxonomy":"category","embeddable":true,"href":"https:\/\/visitmarratxi.es\/de\/wp-json\/wp\/v2\/categories?post=13165"},{"taxonomy":"post_tag","embeddable":true,"href":"https:\/\/visitmarratxi.es\/de\/wp-json\/wp\/v2\/tags?post=13165"}],"curies":[{"name":"wp","href":"https:\/\/api.w.org\/{rel}","templated":true}]}}