{"id":11635,"date":"2023-07-25T11:37:47","date_gmt":"2023-07-25T09:37:47","guid":{"rendered":"https:\/\/marratxiesviu.es\/?p=11635"},"modified":"2023-07-25T11:37:47","modified_gmt":"2023-07-25T09:37:47","slug":"exposicion-del-xxxvi-certamen-de-pintura-de-sant-marcal","status":"publish","type":"post","link":"https:\/\/visitmarratxi.es\/es\/exposicion-del-xxxvi-certamen-de-pintura-de-sant-marcal\/","title":{"rendered":"Exposici\u00f3n del XXXVI Certamen de Pintura de Sant Mar\u00e7al"},"content":{"rendered":"<p><span style=\"font-weight: 400;\">Hasta el 28 de julio podemos visitar, si todav\u00eda no hemos tenido la ocasi\u00f3n, la exposici\u00f3n con las obras del Certamen de Pintura de Sant Mar\u00e7al de este a\u00f1o, instalada en Ca Ses Monges, en Portol.<\/span><\/p>\n<p><span style=\"font-weight: 400;\">Aunque el concurso se declar\u00f3 <strong><a href=\"https:\/\/marratxi.es\/el-jurat-del-xxxvi-certamen-de-pintura-declara-el-premi-desert-perque-les-obres-no-compleixen-amb-els-principals-requisits\">desierto<\/a><\/strong> (y por tanto, no hay una obra escogida como ganadora oficial) podremos disfrutar de media decena de cuadros que han sido seleccionados de entre un total de 86 obras presentadas. Entre los participantes encontramos artistas de distintas partes de las Baleares, de la pen\u00ednsula, y hasta de la ciudad alemana de Freising.<\/span><\/p>\n<p><span style=\"font-weight: 400;\">Las obras <\/span><i><span style=\"font-weight: 400;\">Una verdad inc\u00f3moda<\/span><\/i><span style=\"font-weight: 400;\">, de Francisco Javier Parra, <\/span><i><span style=\"font-weight: 400;\">Interpretaci\u00f3n de Mallorca<\/span><\/i><span style=\"font-weight: 400;\">, de Patricio G. \u00c1lvarez, <\/span><i><span style=\"font-weight: 400;\">Flores para mi madre<\/span><\/i><span style=\"font-weight: 400;\">, de Manuel Bauz\u00e1, <\/span><i><span style=\"font-weight: 400;\">Bosque interior<\/span><\/i><span style=\"font-weight: 400;\">, de Leire P\u00e9rez y <\/span><i><span style=\"font-weight: 400;\">Banoffee<\/span><\/i><span style=\"font-weight: 400;\">, de Paula Segarra, <\/span><span style=\"font-weight: 400;\">se podr\u00e1n ver de martes a jueves de 11:30 a 13:30 h. y mi\u00e9rcoles, viernes y s\u00e1bado de 18 a 20 h.<\/span><\/p>\n<p>&nbsp;<\/p>\n<p><b>M\u00e1s informaci\u00f3n tel. 627441660.<\/b><\/p>\n<p><b>Cerrado domingos, lunes y festivos.<\/b><\/p>\n<p><b>\u00bfD\u00f3nde? <\/b>C\/ Major, 135, Portol, 07141 Marratx\u00ed<\/p>\n","protected":false},"excerpt":{"rendered":"<p>Hasta el 28 de julio podemos visitar, si todav\u00eda no hemos tenido la ocasi\u00f3n, la exposici\u00f3n con las obras del Certamen de Pintura de Sant Mar\u00e7al de este a\u00f1o, instalada en Ca Ses Monges, en Portol. Aunque el concurso se&#8230;<\/p>\n","protected":false},"author":6,"featured_media":11624,"comment_status":"open","ping_status":"open","sticky":false,"template":"","format":"standard","meta":{"footnotes":""},"categories":[388,262,264],"tags":[],"class_list":["post-11635","post","type-post","status-publish","format-standard","has-post-thumbnail","hentry","category-arte","category-cultura-es","category-eventos-es"],"_links":{"self":[{"href":"https:\/\/visitmarratxi.es\/es\/wp-json\/wp\/v2\/posts\/11635","targetHints":{"allow":["GET"]}}],"collection":[{"href":"https:\/\/visitmarratxi.es\/es\/wp-json\/wp\/v2\/posts"}],"about":[{"href":"https:\/\/visitmarratxi.es\/es\/wp-json\/wp\/v2\/types\/post"}],"author":[{"embeddable":true,"href":"https:\/\/visitmarratxi.es\/es\/wp-json\/wp\/v2\/users\/6"}],"replies":[{"embeddable":true,"href":"https:\/\/visitmarratxi.es\/es\/wp-json\/wp\/v2\/comments?post=11635"}],"version-history":[{"count":5,"href":"https:\/\/visitmarratxi.es\/es\/wp-json\/wp\/v2\/posts\/11635\/revisions"}],"predecessor-version":[{"id":11646,"href":"https:\/\/visitmarratxi.es\/es\/wp-json\/wp\/v2\/posts\/11635\/revisions\/11646"}],"wp:featuredmedia":[{"embeddable":true,"href":"https:\/\/visitmarratxi.es\/es\/wp-json\/wp\/v2\/media\/11624"}],"wp:attachment":[{"href":"https:\/\/visitmarratxi.es\/es\/wp-json\/wp\/v2\/media?parent=11635"}],"wp:term":[{"taxonomy":"category","embeddable":true,"href":"https:\/\/visitmarratxi.es\/es\/wp-json\/wp\/v2\/categories?post=11635"},{"taxonomy":"post_tag","embeddable":true,"href":"https:\/\/visitmarratxi.es\/es\/wp-json\/wp\/v2\/tags?post=11635"}],"curies":[{"name":"wp","href":"https:\/\/api.w.org\/{rel}","templated":true}]}}