{"id":12569,"date":"2024-05-20T08:58:32","date_gmt":"2024-05-20T06:58:32","guid":{"rendered":"https:\/\/visitmarratxi.es\/?p=12569"},"modified":"2024-05-20T09:12:15","modified_gmt":"2024-05-20T07:12:15","slug":"marratxi-se-vante-detre-un-geek-avec-la-participation-de-1-500-personnes-a-la-troisieme-edition-du-friki-fest","status":"publish","type":"post","link":"https:\/\/visitmarratxi.es\/fr\/marratxi-se-vante-detre-un-geek-avec-la-participation-de-1-500-personnes-a-la-troisieme-edition-du-friki-fest\/","title":{"rendered":"Marratx\u00ed se vante d&rsquo;\u00eatre un geek avec la participation de 1 500 personnes \u00e0 la troisi\u00e8me \u00e9dition du Friki Fest"},"content":{"rendered":"<p><em><strong>La participation des familles a \u00e9t\u00e9 plus \u00e9lev\u00e9e que lors des \u00e9ditions pr\u00e9c\u00e9dentes, ainsi que les stands, plus d&rsquo;une vingtaine, de magasins de jeux, d&rsquo;artisans et de dessinateurs.<\/strong><\/em><\/p>\n<p>Marratx\u00ed a v\u00e9cu une journ\u00e9e de fiert\u00e9 geek avec 1 500 personnes participant ce dimanche au Friki Fest, qui comprenait un d\u00e9fil\u00e9 de cosplay, des ateliers de jeux de soci\u00e9t\u00e9, du karaok\u00e9 et de la danse K-Pop, et plus de vingt stands de \u00ab\u00a0Mercadet Friki\u00a0\u00bb avec des tentes de merchandising, des bandes dessin\u00e9es et mangas, figurines d\u00e9coratives ou accessoires.<\/p>\n<p>Les activit\u00e9s, pour tous publics, se sont d\u00e9roul\u00e9es de 10h \u00e0 15h sur l&rsquo;esplanade et dans une partie des locaux de l&rsquo;Association des R\u00e9sidents d&rsquo;Es Figueral.<\/p>\n<p>L&rsquo;\u00e9v\u00e9nement a r\u00e9uni le maire de Marratx\u00ed, Jaume Llompart, qui s&rsquo;est montr\u00e9 satisfait de l&rsquo;organisation et de la participation des jeunes et des familles de Marratx\u00ed : \u00ab\u00a0Depuis les premi\u00e8res heures du matin, nous savons qu&rsquo;il y a eu un afflux important de personnes, jeunes et moins jeunes int\u00e9ress\u00e9s par ce monde. Il y a beaucoup de personnes derri\u00e8re l&rsquo;organisation et nous sommes heureux d&rsquo;avoir collabor\u00e9 et promu \u00e0 travers l&rsquo;espace Jeunesse pour cette journ\u00e9e. Au-del\u00e0 de cette journ\u00e9e geek, c&rsquo;est un espace de rencontre familial pour ceux qui n&rsquo;ont pas l&rsquo;occasion de conna\u00eetre le monde, afin que nous puissions passer du temps libre dans notre ville\u00a0\u00bb.<\/p>\n<p>Pour sa part, la conseill\u00e8re pour la jeunesse, Carlota Ariza, a dress\u00e9 un bilan positif de la journ\u00e9e : \u00ab Nous sommes tr\u00e8s heureux car elle est tr\u00e8s remplie et les participants s&rsquo;amusent. Les activit\u00e9s sont tr\u00e8s compl\u00e8tes, aussi bien pour les petits que pour les adultes, qui y trouvent \u00e9galement leur place. Les enfants sont \u00e0 leur sauce, prennent des photos et partagent leurs exp\u00e9riences. Nous esp\u00e9rons qu&rsquo;ils r\u00e9p\u00e9teront l&rsquo;ann\u00e9e prochaine\u00a0\u00bb.<\/p>\n<p>Ariza a \u00e9galement \u00e9voqu\u00e9 les stands et les activit\u00e9s : \u00ab Il y a de tout, des stands de jeux de soci\u00e9t\u00e9, des affiches, des poup\u00e9es, des casquettes, toutes sortes de marchandises, mais aussi un atelier de robotique tr\u00e8s int\u00e9ressant, du Karaok\u00e9 KPop et de la danse sur sc\u00e8ne \u00bb.<\/p>\n<p>La participation des magasins de jeux, des artisans et des dessinateurs a \u00e9t\u00e9 plus \u00e9lev\u00e9e que lors des \u00e9ditions pr\u00e9c\u00e9dentes. C&rsquo;est pourquoi, pour cette troisi\u00e8me \u00e9dition, les stands se sont d\u00e9plac\u00e9s du centre de la place vers la rue qui entoure l&rsquo;esplanade d&rsquo;Es Figueral, en passant devant les locaux de l&rsquo;Association de Quartier. Selon l&rsquo;organisation, on assure que \u00ab nous avions plus de stands que la derni\u00e8re \u00e9dition, environ 25 au total. Nous avons am\u00e9nag\u00e9 un espace dans la rue pour les stands. De plus, cette ann\u00e9e, nous avons eu un afflux de personnes beaucoup plus important que l&rsquo;ann\u00e9e derni\u00e8re et plus d&rsquo;activit\u00e9s\u00a0\u00bb, admet l&rsquo;animatrice Maribel Cayuelas.<\/p>\n","protected":false},"excerpt":{"rendered":"<p>La participation des familles a \u00e9t\u00e9 plus \u00e9lev\u00e9e que lors des \u00e9ditions pr\u00e9c\u00e9dentes, ainsi que les stands, plus d&rsquo;une vingtaine, de magasins de jeux, d&rsquo;artisans et de dessinateurs. Marratx\u00ed a v\u00e9cu une journ\u00e9e de fiert\u00e9 geek avec 1 500 personnes&#8230;<\/p>\n","protected":false},"author":6,"featured_media":12282,"comment_status":"open","ping_status":"open","sticky":false,"template":"","format":"standard","meta":{"footnotes":""},"categories":[505],"tags":[],"class_list":["post-12569","post","type-post","status-publish","format-standard","has-post-thumbnail","hentry","category-evenements"],"_links":{"self":[{"href":"https:\/\/visitmarratxi.es\/fr\/wp-json\/wp\/v2\/posts\/12569","targetHints":{"allow":["GET"]}}],"collection":[{"href":"https:\/\/visitmarratxi.es\/fr\/wp-json\/wp\/v2\/posts"}],"about":[{"href":"https:\/\/visitmarratxi.es\/fr\/wp-json\/wp\/v2\/types\/post"}],"author":[{"embeddable":true,"href":"https:\/\/visitmarratxi.es\/fr\/wp-json\/wp\/v2\/users\/6"}],"replies":[{"embeddable":true,"href":"https:\/\/visitmarratxi.es\/fr\/wp-json\/wp\/v2\/comments?post=12569"}],"version-history":[{"count":1,"href":"https:\/\/visitmarratxi.es\/fr\/wp-json\/wp\/v2\/posts\/12569\/revisions"}],"predecessor-version":[{"id":12570,"href":"https:\/\/visitmarratxi.es\/fr\/wp-json\/wp\/v2\/posts\/12569\/revisions\/12570"}],"wp:featuredmedia":[{"embeddable":true,"href":"https:\/\/visitmarratxi.es\/fr\/wp-json\/wp\/v2\/media\/12282"}],"wp:attachment":[{"href":"https:\/\/visitmarratxi.es\/fr\/wp-json\/wp\/v2\/media?parent=12569"}],"wp:term":[{"taxonomy":"category","embeddable":true,"href":"https:\/\/visitmarratxi.es\/fr\/wp-json\/wp\/v2\/categories?post=12569"},{"taxonomy":"post_tag","embeddable":true,"href":"https:\/\/visitmarratxi.es\/fr\/wp-json\/wp\/v2\/tags?post=12569"}],"curies":[{"name":"wp","href":"https:\/\/api.w.org\/{rel}","templated":true}]}}