{"id":13163,"date":"2024-07-15T12:20:53","date_gmt":"2024-07-15T10:20:53","guid":{"rendered":"https:\/\/visitmarratxi.es\/?p=13163"},"modified":"2024-07-15T12:33:46","modified_gmt":"2024-07-15T10:33:46","slug":"fang-tapa-reitere-son-succes-avec-davantage-de-restaurants-participants","status":"publish","type":"post","link":"https:\/\/visitmarratxi.es\/fr\/fang-tapa-reitere-son-succes-avec-davantage-de-restaurants-participants\/","title":{"rendered":"Fang Tapa r\u00e9it\u00e8re son succ\u00e8s avec davantage de restaurants participants"},"content":{"rendered":"<p><em><strong>10 \u00e9tablissements ont particip\u00e9 au parcours du train \u00e0 tapas, avec deux nouveaut\u00e9s par rapport \u00e0 l&rsquo;ann\u00e9e derni\u00e8re<\/strong><\/em><\/p>\n<p><em><strong>Odette Torres: \u00abAvec cette \u00e9dition, nous rendons l&rsquo;exp\u00e9rience utilisateur encore meilleure, avec plus de bars et de tapas disponibles\u00bb<\/strong><\/em><\/p>\n<p>Le Fang Tapa est \u00e0 nouveau consolid\u00e9 comme une journ\u00e9e estivale en famille pour profiter de la gastronomie de Marratx\u00ed. Au total, dix \u00e9tablissements de P\u00f2rtol, Sa Cabaneta et Sant Mar\u00e7al ont particip\u00e9 \u00e0 cette \u00e9dition, avec des tapas sp\u00e9cialement pr\u00e9par\u00e9es pour l&rsquo;occasion, les jeudis 4 et 11. Un parcours qui pourrait \u00eatre r\u00e9alis\u00e9 en train gratuit, en voiture priv\u00e9e ou. \u00e0 pied au sein d&rsquo;un m\u00eame noyau.<\/p>\n<p>Parmi les nouveaut\u00e9s figurent deux \u00e9tablissements nouvellement cr\u00e9\u00e9s, Engrescats et la Caf\u00e9t\u00e9ria Sant Mar\u00e7al (anciennement Forn Ca na Teresa), tous deux situ\u00e9s \u00e0 Sant Mar\u00e7al, qui n&rsquo;ont pas h\u00e9sit\u00e9 \u00e0 s&rsquo;ajouter \u00e0 la liste des arr\u00eats de train et \u00e0 pr\u00e9parer des tapas pour l&rsquo;occasion.<\/p>\n<p>Le Conseiller pour la Promotion Economique ; Commerce, Industrie et Tourisme, Odette Torres, a assur\u00e9 qu&rsquo;en raison du succ\u00e8s de l&rsquo;ann\u00e9e derni\u00e8re, au cours de laquelle plus de 8.000 tapas ont \u00e9t\u00e9 servies pendant deux jours en ao\u00fbt, dans cette derni\u00e8re \u00e9dition, davantage de lieux se sont joints, \u00ab\u00a0avec lesquels nous avons r\u00e9ussi \u00e0 l&rsquo;exp\u00e9rience utilisateur est encore meilleure, car lorsque vous arrivez aux arr\u00eats, vous trouverez plus de bars disponibles avec des tapas, vous pourrez choisir et vous serez beaucoup plus \u00e0 l&rsquo;aise. Cette ann\u00e9e, l&rsquo;exp\u00e9rience s&rsquo;est am\u00e9lior\u00e9e et il y a plus de participants \u00bb, dit-il.<\/p>\n<p><img decoding=\"async\" src=\"https:\/\/www.mtxi.es\/wp-content\/uploads\/2024\/07\/DSC09505-1024x576.jpg\" \/><\/p>\n<p>L&rsquo;\u00e9v\u00e9nement, organis\u00e9 par Comer\u00e7, est une mani\u00e8re de faire conna\u00eetre la gastronomie et les \u00e9tablissements de Marratx\u00ed \u00e0 diff\u00e9rentes p\u00e9riodes de l&rsquo;ann\u00e9e. Selon les mots du conseiller municipal, \u00ab\u00a0cela favorise l&rsquo;\u00e9conomie locale parce que les habitants gagnent de l&rsquo;argent, c&rsquo;est ce que nous voulons et ils sont contents\u00a0\u00bb.<\/p>\n<p>Le train, d&rsquo;une capacit\u00e9 allant jusqu&rsquo;\u00e0 50 personnes, a effectu\u00e9 des trajets entre 35 et 45 minutes, remplissant la capacit\u00e9 pendant tous les trajets. Le parcours commen\u00e7ait \u00e0 Sant Mar\u00e7al et faisait des arr\u00eats dans huit \u00e9tablissements jusqu&rsquo;\u00e0 P\u00f2rtol.<\/p>\n<p>En plus du parcours gastronomique, cette \u00e9dition a opt\u00e9 pour l&rsquo;installation de ch\u00e2teaux gonflables \u00e0 la sortie, la Ver\u00f3nica de Sant Mar\u00e7al. L\u00e0-bas, des centaines de familles ont profit\u00e9 des activit\u00e9s gratuites en attendant leur tour pour prendre le train.<\/p>\n<p>L&rsquo;\u00e9dition d&rsquo;\u00e9t\u00e9 de Fang Tapa a eu une pr\u00e9sence \u00e9trang\u00e8re et des gens d&rsquo;autres zones de Marratx\u00ed, mais aussi de municipalit\u00e9s plus proches comme Palma, Santa Eugenia ou Santa Maria.<\/p>\n<p>La Mairie de Marratx\u00ed, en tant qu&rsquo;organisatrice de l&rsquo;\u00e9v\u00e9nement, a pris en charge les frais du train, en plus des activit\u00e9s r\u00e9cr\u00e9atives pour les familles pr\u00e9sentes.<\/p>\n\n\t\t<style type=\"text\/css\">\n\t\t\t#gallery-1 {\n\t\t\t\tmargin: auto;\n\t\t\t}\n\t\t\t#gallery-1 .gallery-item {\n\t\t\t\tfloat: left;\n\t\t\t\tmargin-top: 10px;\n\t\t\t\ttext-align: center;\n\t\t\t\twidth: 33%;\n\t\t\t}\n\t\t\t#gallery-1 img {\n\t\t\t\tborder: 2px solid #cfcfcf;\n\t\t\t}\n\t\t\t#gallery-1 .gallery-caption {\n\t\t\t\tmargin-left: 0;\n\t\t\t}\n\t\t\t\/* see gallery_shortcode() in wp-includes\/media.php *\/\n\t\t<\/style>\n\t\t<div id='gallery-1' class='gallery galleryid-13163 gallery-columns-3 gallery-size-full'><dl class='gallery-item'>\n\t\t\t<dt class='gallery-icon landscape'>\n\t\t\t\t<a href='https:\/\/visitmarratxi.es\/wp-content\/uploads\/2024\/07\/fangtapa3.jpg'><img loading=\"lazy\" decoding=\"async\" width=\"1024\" height=\"576\" src=\"https:\/\/visitmarratxi.es\/wp-content\/uploads\/2024\/07\/fangtapa3.jpg\" class=\"attachment-full size-full\" alt=\"\" srcset=\"https:\/\/visitmarratxi.es\/wp-content\/uploads\/2024\/07\/fangtapa3.jpg 1024w, https:\/\/visitmarratxi.es\/wp-content\/uploads\/2024\/07\/fangtapa3-300x169.jpg 300w, https:\/\/visitmarratxi.es\/wp-content\/uploads\/2024\/07\/fangtapa3-768x432.jpg 768w, https:\/\/visitmarratxi.es\/wp-content\/uploads\/2024\/07\/fangtapa3-600x338.jpg 600w\" sizes=\"auto, (max-width: 1024px) 100vw, 1024px\" \/><\/a>\n\t\t\t<\/dt><\/dl><dl class='gallery-item'>\n\t\t\t<dt class='gallery-icon landscape'>\n\t\t\t\t<a href='https:\/\/visitmarratxi.es\/wp-content\/uploads\/2024\/07\/fangtapa2.jpg'><img loading=\"lazy\" decoding=\"async\" width=\"1024\" height=\"576\" src=\"https:\/\/visitmarratxi.es\/wp-content\/uploads\/2024\/07\/fangtapa2.jpg\" class=\"attachment-full size-full\" alt=\"\" srcset=\"https:\/\/visitmarratxi.es\/wp-content\/uploads\/2024\/07\/fangtapa2.jpg 1024w, https:\/\/visitmarratxi.es\/wp-content\/uploads\/2024\/07\/fangtapa2-300x169.jpg 300w, https:\/\/visitmarratxi.es\/wp-content\/uploads\/2024\/07\/fangtapa2-768x432.jpg 768w, https:\/\/visitmarratxi.es\/wp-content\/uploads\/2024\/07\/fangtapa2-600x338.jpg 600w\" sizes=\"auto, (max-width: 1024px) 100vw, 1024px\" \/><\/a>\n\t\t\t<\/dt><\/dl><dl class='gallery-item'>\n\t\t\t<dt class='gallery-icon landscape'>\n\t\t\t\t<a href='https:\/\/visitmarratxi.es\/wp-content\/uploads\/2024\/07\/fangtapa1.jpg'><img loading=\"lazy\" decoding=\"async\" width=\"1024\" height=\"576\" src=\"https:\/\/visitmarratxi.es\/wp-content\/uploads\/2024\/07\/fangtapa1.jpg\" class=\"attachment-full size-full\" alt=\"\" srcset=\"https:\/\/visitmarratxi.es\/wp-content\/uploads\/2024\/07\/fangtapa1.jpg 1024w, https:\/\/visitmarratxi.es\/wp-content\/uploads\/2024\/07\/fangtapa1-300x169.jpg 300w, https:\/\/visitmarratxi.es\/wp-content\/uploads\/2024\/07\/fangtapa1-768x432.jpg 768w, https:\/\/visitmarratxi.es\/wp-content\/uploads\/2024\/07\/fangtapa1-600x338.jpg 600w\" sizes=\"auto, (max-width: 1024px) 100vw, 1024px\" \/><\/a>\n\t\t\t<\/dt><\/dl><br style=\"clear: both\" \/>\n\t\t<\/div>\n\n","protected":false},"excerpt":{"rendered":"<p>10 \u00e9tablissements ont particip\u00e9 au parcours du train \u00e0 tapas, avec deux nouveaut\u00e9s par rapport \u00e0 l&rsquo;ann\u00e9e derni\u00e8re Odette Torres: \u00abAvec cette \u00e9dition, nous rendons l&rsquo;exp\u00e9rience utilisateur encore meilleure, avec plus de bars et de tapas disponibles\u00bb Le Fang Tapa&#8230;<\/p>\n","protected":false},"author":6,"featured_media":13155,"comment_status":"open","ping_status":"open","sticky":false,"template":"","format":"standard","meta":{"footnotes":""},"categories":[505,516],"tags":[],"class_list":["post-13163","post","type-post","status-publish","format-standard","has-post-thumbnail","hentry","category-evenements","category-la-gastronomie"],"_links":{"self":[{"href":"https:\/\/visitmarratxi.es\/fr\/wp-json\/wp\/v2\/posts\/13163","targetHints":{"allow":["GET"]}}],"collection":[{"href":"https:\/\/visitmarratxi.es\/fr\/wp-json\/wp\/v2\/posts"}],"about":[{"href":"https:\/\/visitmarratxi.es\/fr\/wp-json\/wp\/v2\/types\/post"}],"author":[{"embeddable":true,"href":"https:\/\/visitmarratxi.es\/fr\/wp-json\/wp\/v2\/users\/6"}],"replies":[{"embeddable":true,"href":"https:\/\/visitmarratxi.es\/fr\/wp-json\/wp\/v2\/comments?post=13163"}],"version-history":[{"count":1,"href":"https:\/\/visitmarratxi.es\/fr\/wp-json\/wp\/v2\/posts\/13163\/revisions"}],"predecessor-version":[{"id":13164,"href":"https:\/\/visitmarratxi.es\/fr\/wp-json\/wp\/v2\/posts\/13163\/revisions\/13164"}],"wp:featuredmedia":[{"embeddable":true,"href":"https:\/\/visitmarratxi.es\/fr\/wp-json\/wp\/v2\/media\/13155"}],"wp:attachment":[{"href":"https:\/\/visitmarratxi.es\/fr\/wp-json\/wp\/v2\/media?parent=13163"}],"wp:term":[{"taxonomy":"category","embeddable":true,"href":"https:\/\/visitmarratxi.es\/fr\/wp-json\/wp\/v2\/categories?post=13163"},{"taxonomy":"post_tag","embeddable":true,"href":"https:\/\/visitmarratxi.es\/fr\/wp-json\/wp\/v2\/tags?post=13163"}],"curies":[{"name":"wp","href":"https:\/\/api.w.org\/{rel}","templated":true}]}}