{"id":13234,"date":"2024-07-22T12:24:21","date_gmt":"2024-07-22T10:24:21","guid":{"rendered":"https:\/\/visitmarratxi.es\/?p=13234"},"modified":"2024-07-22T12:30:52","modified_gmt":"2024-07-22T10:30:52","slug":"la-1ere-cursa-del-fang-rassemble-450-coureurs-sur-un-parcours-a-travers-les-poteries-de-portol","status":"publish","type":"post","link":"https:\/\/visitmarratxi.es\/fr\/la-1ere-cursa-del-fang-rassemble-450-coureurs-sur-un-parcours-a-travers-les-poteries-de-portol\/","title":{"rendered":"La 1\u00e8re Cursa del Fang rassemble 450 coureurs sur un parcours \u00e0 travers les poteries de P\u00f2rtol"},"content":{"rendered":"<p><em><strong>La course a r\u00e9uni des athl\u00e8tes de haut niveau comme Adri\u00e0 Ceballos, de l&rsquo;ADA Calvi\u00e0 et l&rsquo;Argentin Gianfranco Presti, vainqueur de la course de 7,5 km.<\/strong><\/em><\/p>\n<p><em><strong>L&rsquo;\u00e9v\u00e9nement comprenait une course non comp\u00e9titive avec le m\u00eame parcours et une course pour enfants. Tous les participants ont re\u00e7u une m\u00e9daille sur terre battue\u00a0<\/strong><\/em><\/p>\n<p><em><strong>Andreu Massot, organisateur : \u00ab\u00a0Notre objectif \u00e9tait de faire une course \u00e0 travers la ville et notre culture, la boue et les siurels, et nous voulions qu&rsquo;elle les traverse tous\u00a0\u00bb<\/strong><\/em><\/p>\n<p>La 1\u00e8re Course de Boue, organis\u00e9e hier samedi 20 juillet \u00e0 P\u00f2rtol, a r\u00e9uni 450 coureurs dans les rues du pays des potiers et des potiers dans le cadre des festivit\u00e9s locales de la Vierge du Carmel \u00e0 P\u00f2rtol.<\/p>\n<p>Parmi les participants de cette premi\u00e8re \u00e9dition, il y avait l&rsquo;athl\u00e8te local Adri\u00e0 Ceballos, vice-champion espagnol du 10 000 m\u00e8tres dans la cat\u00e9gorie des moins de 23 ans et athl\u00e8te de l&rsquo;ADA Calvi\u00e0, qui a particip\u00e9 \u00e0 la comp\u00e9tition de 7,5 km. L&rsquo;Argentin Gianfranco Presti a remport\u00e9 l&rsquo;\u00e9preuve, avec un temps de 23 minutes 14 secondes, Adri\u00e0 Ceballos et Jaume Garc\u00edas compl\u00e9tant le podium. Leonor Font a \u00e9t\u00e9 la gagnante f\u00e9minine, atteignant la ligne d&rsquo;arriv\u00e9e en 28 min 35 secondes, suivie par Amelia \u00c1lvarez et Maria Ant\u00f2nia Femen\u00edas.<\/p>\n<p>Tous les participants ont re\u00e7u une m\u00e9daille exclusive et les gagnants un siurell franchissant la ligne d&rsquo;arriv\u00e9e, r\u00e9alis\u00e9 par Ca Mad\u00f2 Bet, dans le but de promouvoir le sens de la communaut\u00e9 \u00e0 Marratx\u00ed et de permettre aux participants de conna\u00eetre les siurells, les pots en argile et les environnement<\/p>\n<p>De plus, l&rsquo;\u00e9v\u00e9nement comprenait une populaire course non comp\u00e9titive de 3 kilom\u00e8tres, sans podium, pour ceux qui voulaient d\u00e9buter dans le monde de la course \u00e0 pied ou avancer \u00e0 leur rythme, car il \u00e9tait \u00e9galement possible de le faire \u00e0 pied, en d&rsquo;une mani\u00e8re plus ludique. Auparavant, des courses pour enfants \u00e9taient organis\u00e9es gratuitement pour les enfants jusqu&rsquo;\u00e0 12 ans, avec diff\u00e9rentes distances.<\/p>\n<p>La comp\u00e9tition, organis\u00e9e par Cuc Fitness avec la collaboration de la Mairie de Marratx\u00ed, a quitt\u00e9 la Pla\u00e7a de Can Flor \u00e0 19h. Andreu Massot, l&rsquo;organisateur de l&rsquo;\u00e9v\u00e9nement, a \u00e9t\u00e9 surpris par le bon accueil de cette premi\u00e8re \u00e9dition : \u00ab\u00a0Nous n&rsquo;en revenons toujours pas de la participation qu&rsquo;elle a eue. Nous esp\u00e9rons que lorsque la satisfaction des coureurs sera \u00e9gale ou meilleure, nous esp\u00e9rons que cela vous aura beaucoup plu. Depuis CUC Fitness, nous avons essay\u00e9 de cr\u00e9er une course attrayante, avec de nombreux prix pour enfants et adultes. Nous sommes tr\u00e8s heureux car il y avait plus de 200 participants dans la course de sept kilom\u00e8tres et demi, plus d&rsquo;une centaine dans la marche, ainsi que dans les courses pour enfants, o\u00f9 nous avons d\u00e9pass\u00e9 la centaine, avec environ 450 participants toutes cat\u00e9gories confondues. \u00a0\u00bb<\/p>\n<p>Cette course \u00e9tait non seulement une fa\u00e7on amusante et saine de c\u00e9l\u00e9brer les f\u00eates du Carmel, mais aussi une occasion de mettre en valeur le travail des artisans et la beaut\u00e9 de leurs produits. Selon Massot, \u00ab\u00a0notre objectif \u00e9tait de faire une course \u00e0 travers le village et notre culture, la boue et les siurels, et nous voulions qu&rsquo;elle les traverse tous, que m\u00eame si la race siurell existe, celle-ci ne suivait pas la m\u00eame itin\u00e9raire, en passant par toutes les poteries. Tous les troph\u00e9es sont fabriqu\u00e9s par des artisans et c&rsquo;est une fa\u00e7on pour les gens de l&rsquo;ext\u00e9rieur de d\u00e9couvrir notre tradition. \u00bb<\/p>\n<p>Le conseiller aux Sports, Juan Antonio Estarellas, a \u00e9valu\u00e9 l&rsquo;initiative de mani\u00e8re tr\u00e8s positive et avec des perspectives de continuit\u00e9 : \u00ab L&rsquo;organisation a \u00e9t\u00e9 surprise par le succ\u00e8s et le grand accueil de cette premi\u00e8re course et cela nous donne des perspectives que nous pensons qu&rsquo;elle se consolidera au fil du temps et sera une course de r\u00e9f\u00e9rence dans le calendrier sportif de Marratx\u00ed\u00a0\u00bb.<\/p>\n<p>En outre, l&rsquo;\u00e9v\u00e9nement a eu un geste de solidarit\u00e9 avec Casal Solidari Gent del M\u00f3n, qui avait install\u00e9 une tente sur la place centrale de l&rsquo;\u00e9v\u00e9nement afin que les participants puissent faire don de produits d&rsquo;entretien m\u00e9nager et d&rsquo;hygi\u00e8ne personnelle pour aider toutes les personnes qui en ont le plus besoin.<\/p>\n\n\t\t<style type=\"text\/css\">\n\t\t\t#gallery-1 {\n\t\t\t\tmargin: auto;\n\t\t\t}\n\t\t\t#gallery-1 .gallery-item {\n\t\t\t\tfloat: left;\n\t\t\t\tmargin-top: 10px;\n\t\t\t\ttext-align: center;\n\t\t\t\twidth: 33%;\n\t\t\t}\n\t\t\t#gallery-1 img {\n\t\t\t\tborder: 2px solid #cfcfcf;\n\t\t\t}\n\t\t\t#gallery-1 .gallery-caption {\n\t\t\t\tmargin-left: 0;\n\t\t\t}\n\t\t\t\/* see gallery_shortcode() in wp-includes\/media.php *\/\n\t\t<\/style>\n\t\t<div id='gallery-1' class='gallery galleryid-13234 gallery-columns-3 gallery-size-full'><dl class='gallery-item'>\n\t\t\t<dt class='gallery-icon landscape'>\n\t\t\t\t<img loading=\"lazy\" decoding=\"async\" width=\"2560\" height=\"1440\" src=\"https:\/\/visitmarratxi.es\/wp-content\/uploads\/2024\/07\/cursafang1-scaled.jpg\" class=\"attachment-full size-full\" alt=\"\" srcset=\"https:\/\/visitmarratxi.es\/wp-content\/uploads\/2024\/07\/cursafang1-scaled.jpg 2560w, https:\/\/visitmarratxi.es\/wp-content\/uploads\/2024\/07\/cursafang1-300x169.jpg 300w, https:\/\/visitmarratxi.es\/wp-content\/uploads\/2024\/07\/cursafang1-1024x576.jpg 1024w, https:\/\/visitmarratxi.es\/wp-content\/uploads\/2024\/07\/cursafang1-768x432.jpg 768w, https:\/\/visitmarratxi.es\/wp-content\/uploads\/2024\/07\/cursafang1-1536x864.jpg 1536w, https:\/\/visitmarratxi.es\/wp-content\/uploads\/2024\/07\/cursafang1-2048x1152.jpg 2048w, https:\/\/visitmarratxi.es\/wp-content\/uploads\/2024\/07\/cursafang1-600x338.jpg 600w\" sizes=\"auto, (max-width: 2560px) 100vw, 2560px\" \/>\n\t\t\t<\/dt><\/dl><dl class='gallery-item'>\n\t\t\t<dt class='gallery-icon landscape'>\n\t\t\t\t<img loading=\"lazy\" decoding=\"async\" width=\"2560\" height=\"1440\" src=\"https:\/\/visitmarratxi.es\/wp-content\/uploads\/2024\/07\/cursafang2-scaled.jpg\" class=\"attachment-full size-full\" alt=\"\" srcset=\"https:\/\/visitmarratxi.es\/wp-content\/uploads\/2024\/07\/cursafang2-scaled.jpg 2560w, https:\/\/visitmarratxi.es\/wp-content\/uploads\/2024\/07\/cursafang2-300x169.jpg 300w, https:\/\/visitmarratxi.es\/wp-content\/uploads\/2024\/07\/cursafang2-1024x576.jpg 1024w, https:\/\/visitmarratxi.es\/wp-content\/uploads\/2024\/07\/cursafang2-768x432.jpg 768w, https:\/\/visitmarratxi.es\/wp-content\/uploads\/2024\/07\/cursafang2-1536x864.jpg 1536w, https:\/\/visitmarratxi.es\/wp-content\/uploads\/2024\/07\/cursafang2-2048x1152.jpg 2048w, https:\/\/visitmarratxi.es\/wp-content\/uploads\/2024\/07\/cursafang2-600x338.jpg 600w\" sizes=\"auto, (max-width: 2560px) 100vw, 2560px\" \/>\n\t\t\t<\/dt><\/dl><dl class='gallery-item'>\n\t\t\t<dt class='gallery-icon landscape'>\n\t\t\t\t<img loading=\"lazy\" decoding=\"async\" width=\"2560\" height=\"1440\" src=\"https:\/\/visitmarratxi.es\/wp-content\/uploads\/2024\/07\/cursafang3-scaled.jpg\" class=\"attachment-full size-full\" alt=\"\" srcset=\"https:\/\/visitmarratxi.es\/wp-content\/uploads\/2024\/07\/cursafang3-scaled.jpg 2560w, https:\/\/visitmarratxi.es\/wp-content\/uploads\/2024\/07\/cursafang3-300x169.jpg 300w, https:\/\/visitmarratxi.es\/wp-content\/uploads\/2024\/07\/cursafang3-1024x576.jpg 1024w, https:\/\/visitmarratxi.es\/wp-content\/uploads\/2024\/07\/cursafang3-768x432.jpg 768w, https:\/\/visitmarratxi.es\/wp-content\/uploads\/2024\/07\/cursafang3-1536x864.jpg 1536w, https:\/\/visitmarratxi.es\/wp-content\/uploads\/2024\/07\/cursafang3-2048x1152.jpg 2048w, https:\/\/visitmarratxi.es\/wp-content\/uploads\/2024\/07\/cursafang3-600x338.jpg 600w\" sizes=\"auto, (max-width: 2560px) 100vw, 2560px\" \/>\n\t\t\t<\/dt><\/dl><br style=\"clear: both\" \/><dl class='gallery-item'>\n\t\t\t<dt class='gallery-icon landscape'>\n\t\t\t\t<img loading=\"lazy\" decoding=\"async\" width=\"2560\" height=\"1440\" src=\"https:\/\/visitmarratxi.es\/wp-content\/uploads\/2024\/07\/cursafang4-scaled.jpg\" class=\"attachment-full size-full\" alt=\"\" srcset=\"https:\/\/visitmarratxi.es\/wp-content\/uploads\/2024\/07\/cursafang4-scaled.jpg 2560w, https:\/\/visitmarratxi.es\/wp-content\/uploads\/2024\/07\/cursafang4-300x169.jpg 300w, https:\/\/visitmarratxi.es\/wp-content\/uploads\/2024\/07\/cursafang4-1024x576.jpg 1024w, https:\/\/visitmarratxi.es\/wp-content\/uploads\/2024\/07\/cursafang4-768x432.jpg 768w, https:\/\/visitmarratxi.es\/wp-content\/uploads\/2024\/07\/cursafang4-1536x864.jpg 1536w, https:\/\/visitmarratxi.es\/wp-content\/uploads\/2024\/07\/cursafang4-2048x1152.jpg 2048w, https:\/\/visitmarratxi.es\/wp-content\/uploads\/2024\/07\/cursafang4-600x338.jpg 600w\" sizes=\"auto, (max-width: 2560px) 100vw, 2560px\" \/>\n\t\t\t<\/dt><\/dl><dl class='gallery-item'>\n\t\t\t<dt class='gallery-icon landscape'>\n\t\t\t\t<img loading=\"lazy\" decoding=\"async\" width=\"2560\" height=\"1440\" src=\"https:\/\/visitmarratxi.es\/wp-content\/uploads\/2024\/07\/cursafang5-scaled.jpg\" class=\"attachment-full size-full\" alt=\"\" srcset=\"https:\/\/visitmarratxi.es\/wp-content\/uploads\/2024\/07\/cursafang5-scaled.jpg 2560w, https:\/\/visitmarratxi.es\/wp-content\/uploads\/2024\/07\/cursafang5-300x169.jpg 300w, https:\/\/visitmarratxi.es\/wp-content\/uploads\/2024\/07\/cursafang5-1024x576.jpg 1024w, https:\/\/visitmarratxi.es\/wp-content\/uploads\/2024\/07\/cursafang5-768x432.jpg 768w, https:\/\/visitmarratxi.es\/wp-content\/uploads\/2024\/07\/cursafang5-1536x864.jpg 1536w, https:\/\/visitmarratxi.es\/wp-content\/uploads\/2024\/07\/cursafang5-2048x1152.jpg 2048w, https:\/\/visitmarratxi.es\/wp-content\/uploads\/2024\/07\/cursafang5-600x338.jpg 600w\" sizes=\"auto, (max-width: 2560px) 100vw, 2560px\" \/>\n\t\t\t<\/dt><\/dl><dl class='gallery-item'>\n\t\t\t<dt class='gallery-icon landscape'>\n\t\t\t\t<img loading=\"lazy\" decoding=\"async\" width=\"2560\" height=\"1440\" src=\"https:\/\/visitmarratxi.es\/wp-content\/uploads\/2024\/07\/cursafang6-scaled.jpg\" class=\"attachment-full size-full\" alt=\"\" srcset=\"https:\/\/visitmarratxi.es\/wp-content\/uploads\/2024\/07\/cursafang6-scaled.jpg 2560w, https:\/\/visitmarratxi.es\/wp-content\/uploads\/2024\/07\/cursafang6-300x169.jpg 300w, https:\/\/visitmarratxi.es\/wp-content\/uploads\/2024\/07\/cursafang6-1024x576.jpg 1024w, https:\/\/visitmarratxi.es\/wp-content\/uploads\/2024\/07\/cursafang6-768x432.jpg 768w, https:\/\/visitmarratxi.es\/wp-content\/uploads\/2024\/07\/cursafang6-1536x864.jpg 1536w, https:\/\/visitmarratxi.es\/wp-content\/uploads\/2024\/07\/cursafang6-2048x1152.jpg 2048w, https:\/\/visitmarratxi.es\/wp-content\/uploads\/2024\/07\/cursafang6-600x338.jpg 600w\" sizes=\"auto, (max-width: 2560px) 100vw, 2560px\" \/>\n\t\t\t<\/dt><\/dl><br style=\"clear: both\" \/><dl class='gallery-item'>\n\t\t\t<dt class='gallery-icon landscape'>\n\t\t\t\t<img loading=\"lazy\" decoding=\"async\" width=\"2560\" height=\"1440\" src=\"https:\/\/visitmarratxi.es\/wp-content\/uploads\/2024\/07\/cursafang7-scaled.jpg\" class=\"attachment-full size-full\" alt=\"\" srcset=\"https:\/\/visitmarratxi.es\/wp-content\/uploads\/2024\/07\/cursafang7-scaled.jpg 2560w, https:\/\/visitmarratxi.es\/wp-content\/uploads\/2024\/07\/cursafang7-300x169.jpg 300w, https:\/\/visitmarratxi.es\/wp-content\/uploads\/2024\/07\/cursafang7-1024x576.jpg 1024w, https:\/\/visitmarratxi.es\/wp-content\/uploads\/2024\/07\/cursafang7-768x432.jpg 768w, https:\/\/visitmarratxi.es\/wp-content\/uploads\/2024\/07\/cursafang7-1536x864.jpg 1536w, https:\/\/visitmarratxi.es\/wp-content\/uploads\/2024\/07\/cursafang7-2048x1152.jpg 2048w, https:\/\/visitmarratxi.es\/wp-content\/uploads\/2024\/07\/cursafang7-600x338.jpg 600w\" sizes=\"auto, (max-width: 2560px) 100vw, 2560px\" \/>\n\t\t\t<\/dt><\/dl><dl class='gallery-item'>\n\t\t\t<dt class='gallery-icon landscape'>\n\t\t\t\t<img loading=\"lazy\" decoding=\"async\" width=\"2560\" height=\"1440\" src=\"https:\/\/visitmarratxi.es\/wp-content\/uploads\/2024\/07\/cursafang8-scaled.jpg\" class=\"attachment-full size-full\" alt=\"\" srcset=\"https:\/\/visitmarratxi.es\/wp-content\/uploads\/2024\/07\/cursafang8-scaled.jpg 2560w, https:\/\/visitmarratxi.es\/wp-content\/uploads\/2024\/07\/cursafang8-300x169.jpg 300w, https:\/\/visitmarratxi.es\/wp-content\/uploads\/2024\/07\/cursafang8-1024x576.jpg 1024w, https:\/\/visitmarratxi.es\/wp-content\/uploads\/2024\/07\/cursafang8-768x432.jpg 768w, https:\/\/visitmarratxi.es\/wp-content\/uploads\/2024\/07\/cursafang8-1536x864.jpg 1536w, https:\/\/visitmarratxi.es\/wp-content\/uploads\/2024\/07\/cursafang8-2048x1152.jpg 2048w, https:\/\/visitmarratxi.es\/wp-content\/uploads\/2024\/07\/cursafang8-600x338.jpg 600w\" sizes=\"auto, (max-width: 2560px) 100vw, 2560px\" \/>\n\t\t\t<\/dt><\/dl><dl class='gallery-item'>\n\t\t\t<dt class='gallery-icon landscape'>\n\t\t\t\t<img loading=\"lazy\" decoding=\"async\" width=\"2560\" height=\"1440\" src=\"https:\/\/visitmarratxi.es\/wp-content\/uploads\/2024\/07\/cursafang9-scaled.jpg\" class=\"attachment-full size-full\" alt=\"\" srcset=\"https:\/\/visitmarratxi.es\/wp-content\/uploads\/2024\/07\/cursafang9-scaled.jpg 2560w, https:\/\/visitmarratxi.es\/wp-content\/uploads\/2024\/07\/cursafang9-300x169.jpg 300w, https:\/\/visitmarratxi.es\/wp-content\/uploads\/2024\/07\/cursafang9-1024x576.jpg 1024w, https:\/\/visitmarratxi.es\/wp-content\/uploads\/2024\/07\/cursafang9-768x432.jpg 768w, https:\/\/visitmarratxi.es\/wp-content\/uploads\/2024\/07\/cursafang9-1536x864.jpg 1536w, https:\/\/visitmarratxi.es\/wp-content\/uploads\/2024\/07\/cursafang9-2048x1152.jpg 2048w, https:\/\/visitmarratxi.es\/wp-content\/uploads\/2024\/07\/cursafang9-600x338.jpg 600w\" sizes=\"auto, (max-width: 2560px) 100vw, 2560px\" \/>\n\t\t\t<\/dt><\/dl><br style=\"clear: both\" \/>\n\t\t<\/div>\n\n","protected":false},"excerpt":{"rendered":"<p>La course a r\u00e9uni des athl\u00e8tes de haut niveau comme Adri\u00e0 Ceballos, de l&rsquo;ADA Calvi\u00e0 et l&rsquo;Argentin Gianfranco Presti, vainqueur de la course de 7,5 km. L&rsquo;\u00e9v\u00e9nement comprenait une course non comp\u00e9titive avec le m\u00eame parcours et une course pour&#8230;<\/p>\n","protected":false},"author":6,"featured_media":13181,"comment_status":"open","ping_status":"open","sticky":false,"template":"","format":"standard","meta":{"footnotes":""},"categories":[505,622],"tags":[],"class_list":["post-13234","post","type-post","status-publish","format-standard","has-post-thumbnail","hentry","category-evenements","category-events-fr"],"_links":{"self":[{"href":"https:\/\/visitmarratxi.es\/fr\/wp-json\/wp\/v2\/posts\/13234","targetHints":{"allow":["GET"]}}],"collection":[{"href":"https:\/\/visitmarratxi.es\/fr\/wp-json\/wp\/v2\/posts"}],"about":[{"href":"https:\/\/visitmarratxi.es\/fr\/wp-json\/wp\/v2\/types\/post"}],"author":[{"embeddable":true,"href":"https:\/\/visitmarratxi.es\/fr\/wp-json\/wp\/v2\/users\/6"}],"replies":[{"embeddable":true,"href":"https:\/\/visitmarratxi.es\/fr\/wp-json\/wp\/v2\/comments?post=13234"}],"version-history":[{"count":1,"href":"https:\/\/visitmarratxi.es\/fr\/wp-json\/wp\/v2\/posts\/13234\/revisions"}],"predecessor-version":[{"id":13235,"href":"https:\/\/visitmarratxi.es\/fr\/wp-json\/wp\/v2\/posts\/13234\/revisions\/13235"}],"wp:featuredmedia":[{"embeddable":true,"href":"https:\/\/visitmarratxi.es\/fr\/wp-json\/wp\/v2\/media\/13181"}],"wp:attachment":[{"href":"https:\/\/visitmarratxi.es\/fr\/wp-json\/wp\/v2\/media?parent=13234"}],"wp:term":[{"taxonomy":"category","embeddable":true,"href":"https:\/\/visitmarratxi.es\/fr\/wp-json\/wp\/v2\/categories?post=13234"},{"taxonomy":"post_tag","embeddable":true,"href":"https:\/\/visitmarratxi.es\/fr\/wp-json\/wp\/v2\/tags?post=13234"}],"curies":[{"name":"wp","href":"https:\/\/api.w.org\/{rel}","templated":true}]}}